{"id":4087,"date":"2026-04-22T17:23:44","date_gmt":"2026-04-22T15:23:44","guid":{"rendered":"https:\/\/www.weroad.fr\/blog\/?p=4087"},"modified":"2026-04-22T17:41:43","modified_gmt":"2026-04-22T15:41:43","slug":"plages-cap-vert","status":"publish","type":"post","link":"https:\/\/www.weroad.fr\/blog\/plages-cap-vert","title":{"rendered":"Les plus belles plages du Cap-Vert : notre guide \u00eele par \u00eele"},"content":{"rendered":"<p>Le <strong>Cap-Vert<\/strong> est une destination de r\u00eave pour qui aime l\u2019oc\u00e9an, les grands espaces et les plages au caract\u00e8re bien tremp\u00e9. D\u2019une \u00eele \u00e0 l\u2019autre, on passe du sable blond aux plages volcaniques, des lagons tranquilles aux spots o\u00f9 le vent fait clairement sa loi. Voici notre guide pour rep\u00e9rer les plus belles <strong>plages du Cap-Vert<\/strong> selon vos envies.<\/p>\n<p>Bonne nouvelle : oui, on peut se baigner au Cap-Vert. Moins bonne nouvelle : l\u2019Atlantique n\u2019a pas toujours lu le m\u00e9mo \u201cvacances relax\u201d. Certaines plages sont calmes et parfaites pour barboter, d\u2019autres sont surtout faites pour marcher, admirer, surfer\u2026 ou faire semblant d\u2019\u00eatre un surfeur tr\u00e8s inspir\u00e9.<\/p>\n<h2>O\u00f9 se trouvent les plus belles plages au Cap-Vert ?<\/h2>\n<p><img loading=\"lazy\" decoding=\"async\" class=\"alignnone size-medium wp-image-4091\" src=\"https:\/\/www.weroad.fr\/blog\/wp-content\/uploads\/2026\/04\/plages-cap-vert-sal-rAwB3hNflbw-800x600.jpg\" alt=\"Sal.\" width=\"800\" height=\"600\" srcset=\"https:\/\/www.weroad.fr\/blog\/wp-content\/uploads\/2026\/04\/plages-cap-vert-sal-rAwB3hNflbw-800x600.jpg 800w, https:\/\/www.weroad.fr\/blog\/wp-content\/uploads\/2026\/04\/plages-cap-vert-sal-rAwB3hNflbw-1024x768.jpg 1024w, https:\/\/www.weroad.fr\/blog\/wp-content\/uploads\/2026\/04\/plages-cap-vert-sal-rAwB3hNflbw-768x576.jpg 768w, https:\/\/www.weroad.fr\/blog\/wp-content\/uploads\/2026\/04\/plages-cap-vert-sal-rAwB3hNflbw-1536x1152.jpg 1536w, https:\/\/www.weroad.fr\/blog\/wp-content\/uploads\/2026\/04\/plages-cap-vert-sal-rAwB3hNflbw.jpg 1920w\" sizes=\"auto, (max-width: 800px) 100vw, 800px\" \/><\/p>\n<p>Les plus belles plages du <strong>Cap-Vert<\/strong> se concentrent surtout sur <strong>Sal<\/strong>, <strong>Boa Vista<\/strong>, <strong>Santiago<\/strong>, <strong>S\u00e3o Vicente<\/strong> et <strong>Maio<\/strong>. Chaque \u00eele a sa personnalit\u00e9 : Sal pour les eaux turquoise et l\u2019ambiance baln\u00e9aire, Boa Vista pour les \u00e9tendues sauvages, Santiago pour l\u2019atmosph\u00e8re locale, S\u00e3o Vicente pour le m\u00e9lange ville-plage, Maio pour la tranquillit\u00e9.<\/p>\n<p>Si vous cherchez la carte postale parfaite, cap sur <strong>Sal<\/strong> et <strong>Boa Vista<\/strong>. Si vous pr\u00e9f\u00e9rez une plage avec des p\u00eacheurs, des familles, des enfants qui jouent au ballon et un petit air de vraie vie, <strong>Tarrafal<\/strong> \u00e0 Santiago a tout bon. Et si votre r\u00eave secret est de bronzer presque seul au monde, <strong>Maio<\/strong> pourrait bien vous faire annuler votre billet retour.<\/p>\n<figure class=\"wp-block-table\">\n<table class=\"has-fixed-layout\">\n<thead>\n<tr>\n<th>\u00cele<\/th>\n<th>Plage phare<\/th>\n<th>Style<\/th>\n<th>Pour qui ?<\/th>\n<\/tr>\n<\/thead>\n<tbody>\n<tr>\n<td><strong>Sal<\/strong><\/td>\n<td>Santa Maria, Ponta Preta<\/td>\n<td>Baln\u00e9aire, turquoise, sportive<\/td>\n<td>Baignade, kitesurf, s\u00e9jour facile<\/td>\n<\/tr>\n<tr>\n<td><strong>Boa Vista<\/strong><\/td>\n<td>Santa Monica, Praia de Chaves<\/td>\n<td>Sauvage, immense, d\u00e9sertique<\/td>\n<td>Paysages, marche, photos, surf<\/td>\n<\/tr>\n<tr>\n<td><strong>Santiago<\/strong><\/td>\n<td>Tarrafal<\/td>\n<td>Locale, familiale, anim\u00e9e<\/td>\n<td>Baignade, ambiance authentique<\/td>\n<\/tr>\n<tr>\n<td><strong>S\u00e3o Vicente<\/strong><\/td>\n<td>Laginha, Ba\u00eda das Gatas<\/td>\n<td>Urbaine, conviviale, accessible<\/td>\n<td>Mix plage et culture<\/td>\n<\/tr>\n<tr>\n<td><strong>Maio<\/strong><\/td>\n<td>Vila do Maio, plages du nord<\/td>\n<td>Calme, pr\u00e9serv\u00e9e<\/td>\n<td>D\u00e9connexion totale<\/td>\n<\/tr>\n<\/tbody>\n<\/table>\n<\/figure>\n<h2>Sal, l\u2019\u00eele star des plages turquoise<\/h2>\n<p><strong>Sal<\/strong> est l\u2019\u00eele la plus \u00e9vidente si vous r\u00eavez de sable clair, d\u2019eau limpide et d\u2019infrastructures simples pour profiter de la mer. C\u2019est aussi l\u2019un des meilleurs choix pour un premier voyage au Cap-Vert, gr\u00e2ce \u00e0 son accessibilit\u00e9, ses h\u00f4tels et ses plages embl\u00e9matiques.<\/p>\n<h3>Santa Maria, la plage la plus c\u00e9l\u00e8bre<\/h3>\n<p><strong>Santa Maria<\/strong> est la plage iconique du Cap-Vert. Longue, lumineuse, vivante, elle combine une belle baignade, des restaurants de bord de mer et une ambiance tr\u00e8s agr\u00e9able. C\u2019est souvent ici que les voyageurs comprennent en cinq minutes pourquoi ils auraient d\u00fb venir plus t\u00f4t.<\/p>\n<p>Le sable blond file sur plusieurs kilom\u00e8tres et l\u2019eau prend de superbes teintes turquoise. Le matin, la mer est souvent plus calme, ce qui rend la baignade plus agr\u00e9able. En bonus, on peut observer le retour des p\u00eacheurs sur le ponton, un moment simple mais tr\u00e8s vivant, loin du d\u00e9cor de station baln\u00e9aire sans \u00e2me.<\/p>\n<ul>\n<li><strong>Id\u00e9al pour<\/strong> : baignade, promenade, familles, sports nautiques<\/li>\n<li><strong>Ambiance<\/strong> : anim\u00e9e<\/li>\n<li><strong>\u00c0 savoir<\/strong> : plus fr\u00e9quent\u00e9e que d\u2019autres plages de l\u2019archipel<\/li>\n<\/ul>\n<h3>Ponta Preta, pour le grand spectacle<\/h3>\n<p><strong>Ponta Preta<\/strong> offre une ambiance plus sauvage que Santa Maria, avec de belles dunes et un horizon tr\u00e8s ouvert. Cette plage est surtout connue pour ses vagues et son vent, ce qui en fait un spot r\u00e9put\u00e9 pour le surf et le kitesurf.<\/p>\n<p>Ici, on vient autant pour regarder la mer que pour y entrer. Quand les conditions se l\u00e8vent, l\u2019oc\u00e9an fait son show sans demander l\u2019avis de personne. Le coucher de soleil y est particuli\u00e8rement beau, avec cette lumi\u00e8re dor\u00e9e qui donne au sable un petit air de cin\u00e9ma. Version sans filtre, et avec un peu plus de sable dans les chaussures.<\/p>\n<h2>Boa Vista, l\u2019\u00eele des plages XXL<\/h2>\n<p><strong>Boa Vista<\/strong> concentre certaines des plus belles plages du Cap-Vert pour les voyageurs qui aiment les paysages grandioses. On y trouve des dunes, des kilom\u00e8tres de sable et une sensation de bout du monde assez grisante. C\u2019est l\u2019\u00eele parfaite pour contempler plus que pour collectionner les beach bars.<\/p>\n<h3>Santa Monica, la plage mythique<\/h3>\n<p><strong>Praia de Santa Monica<\/strong> est sans doute la plage turquoise la plus c\u00e9l\u00e8bre du Cap-Vert avec Santa Maria. Immense, sauvage et spectaculaire, elle est souvent cit\u00e9e parmi les plus belles de l\u2019archipel. Son d\u00e9cor impressionne imm\u00e9diatement par son \u00e9chelle et sa lumi\u00e8re.<\/p>\n<p>On y marche longtemps, souvent avec l\u2019impression d\u2019avoir trouv\u00e9 un d\u00e9cor oubli\u00e9 entre d\u00e9sert et Atlantique. La baignade peut y \u00eatre dangereuse selon les conditions, donc mieux vaut admirer l\u2019oc\u00e9an avec respect. Oui, m\u00eame si l\u2019eau a l\u2019air de vous murmurer \u201cviens, elle est bonne\u201d. L\u2019Atlantique adore mentir avec \u00e9l\u00e9gance.<\/p>\n<h3>Praia de Chaves, entre dunes et eau claire<\/h3>\n<p><strong>Praia de Chaves<\/strong> est une autre grande vedette de <strong>Boa Vista<\/strong>. Situ\u00e9e sur la c\u00f4te ouest, elle s\u00e9duit avec son sable clair, ses dunes et son ambiance plus accessible que Santa Monica, tout en gardant une vraie sensation d\u2019espace.<\/p>\n<p>C\u2019est une plage superbe pour marcher, faire des photos ou s\u2019offrir une session de farniente version grand angle. Les amateurs de glisse l\u2019appr\u00e9cient aussi, mais il faut rester prudent : les vagues peuvent \u00eatre puissantes. En r\u00e9sum\u00e9, c\u2019est un tr\u00e8s bon endroit pour bronzer, r\u00eaver et laisser le vent ruiner avec panache votre coiffure du jour.<\/p>\n<h2>Santiago, les plages avec une vraie vie locale<\/h2>\n<p><strong>Santiago<\/strong> n\u2019est pas toujours l\u2019\u00eele qu\u2019on associe d\u2019abord aux plus belles plages, et pourtant elle abrite de vrais bijoux. Son atout principal, c\u2019est l\u2019ambiance : ici, la plage n\u2019est pas seulement un paysage, c\u2019est aussi un lieu de rencontre, de p\u00eache, de jeux et de vie quotidienne.<\/p>\n<h3>Tarrafal, la favorite des voyageurs<\/h3>\n<p><strong>Tarrafal<\/strong>, au nord de Santiago, est l\u2019une des meilleures plages pour se baigner au Cap-Vert. Sa baie prot\u00e9g\u00e9e, son sable clair et son eau plus calme que sur beaucoup d\u2019autres c\u00f4tes en font une valeur s\u00fbre pour ceux qui veulent nager sereinement.<\/p>\n<p>Mais ce qui fait le charme de Tarrafal, ce n\u2019est pas seulement la mer. Ce sont aussi les palmiers, les barques color\u00e9es, les vendeuses de coco, les parties de foot en fin de journ\u00e9e. Bref, un endroit o\u00f9 la carte postale a d\u00e9cid\u00e9 d\u2019inviter la vraie vie. Et franchement, c\u2019est une excellente id\u00e9e.<\/p>\n<h2>S\u00e3o Vicente, entre plage et culture<\/h2>\n<p><strong>S\u00e3o Vicente<\/strong> est une tr\u00e8s bonne option si vous voulez alterner baignade, musique, ville et paysages marins. L\u2019\u00eele est moins \u201cresort\u201d que Sal, moins \u201cimmensit\u00e9 sauvage\u201d que Boa Vista, mais elle offre un bel \u00e9quilibre pour un s\u00e9jour vari\u00e9.<\/p>\n<h3>Laginha, la plage la plus pratique<\/h3>\n<p><strong>Laginha<\/strong>, \u00e0 deux pas de <strong>Mindelo<\/strong>, est la plage la plus connue de S\u00e3o Vicente. Son sable clair, son eau agr\u00e9able et sa proximit\u00e9 avec le centre-ville en font un excellent choix pour une pause baignade sans logistique compliqu\u00e9e.<\/p>\n<p>On y vient pour nager, bronzer, boire un verre et regarder la ville se d\u00e9tendre en fin de journ\u00e9e. C\u2019est un peu la plage qui dit : \u201ctu peux faire simple, \u00e7a marche aussi\u201d. Et elle a raison. Parfois, le luxe ultime, c\u2019est juste une belle eau turquoise \u00e0 dix minutes \u00e0 pied.<\/p>\n<h3>Ba\u00eda das Gatas, la baignade tranquille<\/h3>\n<p><strong>Ba\u00eda das Gatas<\/strong> est connue pour sa configuration naturelle qui prot\u00e8ge partiellement la baignade. C\u2019est l\u2019un des meilleurs endroits de l\u2019\u00eele pour ceux qui recherchent une mer plus calme et une atmosph\u00e8re d\u00e9tendue.<\/p>\n<p>Le lieu est aussi c\u00e9l\u00e8bre pour son festival de musique en \u00e9t\u00e9, mais le reste du temps, l\u2019ambiance reste paisible. Si vous aimez les plages qui ne crient pas pour attirer l\u2019attention, celle-ci a beaucoup d\u2019\u00e9l\u00e9gance. Elle fait le job sans en faire des caisses, un peu comme cet ami qui voyage l\u00e9ger et a toujours raison.<\/p>\n<h2>Maio, le secret bien gard\u00e9<\/h2>\n<p><strong>Maio<\/strong> est probablement la meilleure \u00eele du Cap-Vert pour ceux qui veulent des plages pr\u00e9serv\u00e9es et tr\u00e8s peu de monde. Ici, le temps ralentit franchement, et les longues \u00e9tendues de sable deviennent surtout une invitation \u00e0 ne rien faire du tout.<\/p>\n<p>Autour de <strong>Vila do Maio<\/strong> et sur les plages du nord, on trouve une ambiance douce, simple, presque hors du temps. C\u2019est l\u2019endroit parfait pour les voyageurs qui pr\u00e9f\u00e8rent le calme \u00e0 l\u2019animation. Si votre programme id\u00e9al consiste \u00e0 lire, marcher, nager un peu et recommencer, vous risquez d\u2019\u00eatre tr\u00e8s, tr\u00e8s heureux ici.<\/p>\n<h2>Peut-on se baigner au Cap-Vert ?<\/h2>\n<p>Oui, on peut se baigner au <strong>Cap-Vert<\/strong>, mais pas partout ni n\u2019importe quand. Les conditions changent selon l\u2019\u00eele, la plage, le vent et la houle. Les meilleures plages pour une baignade plus tranquille sont g\u00e9n\u00e9ralement <strong>Santa Maria<\/strong>, <strong>Tarrafal<\/strong>, <strong>Laginha<\/strong> et parfois certaines zones de <strong>Boa Vista<\/strong>.<\/p>\n<p>Voici les bons r\u00e9flexes \u00e0 garder en t\u00eate :<\/p>\n<ol>\n<li>Privil\u00e9giez les plages abrit\u00e9es pour la baignade.<\/li>\n<li>Observez les courants et la force des vagues avant d\u2019entrer dans l\u2019eau.<\/li>\n<li>Demandez conseil aux locaux ou aux h\u00e9bergements.<\/li>\n<li>Redoublez de prudence sur les plages sauvages comme Santa Monica ou certaines zones de Ponta Preta.<\/li>\n<\/ol>\n<p>La temp\u00e9rature de la mer reste agr\u00e9able une bonne partie de l\u2019ann\u00e9e, ce qui rend le pays tr\u00e8s s\u00e9duisant pour un voyage plage. Mais ici, la prudence n\u2019est pas un d\u00e9tail : elle fait partie du bronzage intelligent.<\/p>\n<h2>Quel est le meilleur endroit pour s\u00e9journer au Cap-Vert ?<\/h2>\n<p><img loading=\"lazy\" decoding=\"async\" class=\"alignnone size-medium wp-image-4089\" src=\"https:\/\/www.weroad.fr\/blog\/wp-content\/uploads\/2026\/04\/plages-cap-vert-mindelo-2bqgb3YXvAs-800x600.jpg\" alt=\"Mindelo.\" width=\"800\" height=\"600\" srcset=\"https:\/\/www.weroad.fr\/blog\/wp-content\/uploads\/2026\/04\/plages-cap-vert-mindelo-2bqgb3YXvAs-800x600.jpg 800w, https:\/\/www.weroad.fr\/blog\/wp-content\/uploads\/2026\/04\/plages-cap-vert-mindelo-2bqgb3YXvAs-1024x767.jpg 1024w, https:\/\/www.weroad.fr\/blog\/wp-content\/uploads\/2026\/04\/plages-cap-vert-mindelo-2bqgb3YXvAs-768x576.jpg 768w, https:\/\/www.weroad.fr\/blog\/wp-content\/uploads\/2026\/04\/plages-cap-vert-mindelo-2bqgb3YXvAs-1536x1151.jpg 1536w, https:\/\/www.weroad.fr\/blog\/wp-content\/uploads\/2026\/04\/plages-cap-vert-mindelo-2bqgb3YXvAs.jpg 1920w\" sizes=\"auto, (max-width: 800px) 100vw, 800px\" \/><\/p>\n<p>Le meilleur endroit pour s\u00e9journer au <strong>Cap-Vert<\/strong> d\u00e9pend de votre style de voyage. Pour un s\u00e9jour simple et baln\u00e9aire, <strong>Santa Maria sur Sal<\/strong> est le choix le plus pratique. Pour des plages sauvages, <strong>Boa Vista<\/strong> est id\u00e9ale. Pour un mix culture et mer, misez sur <strong>Mindelo<\/strong> ou <strong>Tarrafal<\/strong>.<\/p>\n<p>En clair :<\/p>\n<ul>\n<li><strong>Sal<\/strong> : pour un premier voyage, la baignade et les activit\u00e9s nautiques<\/li>\n<li><strong>Boa Vista<\/strong> : pour les grandes plages et les paysages spectaculaires<\/li>\n<li><strong>Santiago<\/strong> : pour une ambiance plus locale et authentique<\/li>\n<li><strong>S\u00e3o Vicente<\/strong> : pour combiner plage, ville et musique<\/li>\n<li><strong>Maio<\/strong> : pour la tranquillit\u00e9 absolue<\/li>\n<\/ul>\n<h2>Notre conseil pour choisir votre plage id\u00e9ale<\/h2>\n<p>Pour bien choisir parmi les <strong>plages du Cap-Vert<\/strong>, commencez par d\u00e9finir votre priorit\u00e9 : baignade facile, longues marches, sports nautiques, ambiance locale ou isolement total. L\u2019archipel n\u2019offre pas un seul type de plage, mais une vraie collection de littoraux tr\u00e8s diff\u00e9rents.<\/p>\n<p>Si vous aimez l\u2019eau turquoise et le confort, allez \u00e0 <strong>Sal<\/strong>. Si vous r\u00eavez de grands espaces, filez \u00e0 <strong>Boa Vista<\/strong>. Si vous voulez sentir le pays vivre autour de vous, choisissez <strong>Santiago<\/strong>. Et si vous avez besoin de silence, <strong>Maio<\/strong> vous attend tranquillement, sans tambour ni transat fluo.<\/p>\n<p>Pour vivre l\u2019archipel autrement, entre plages superbes, rencontres et bonne humeur, pensez \u00e0 d\u00e9couvrir les <a href=\"https:\/\/www.weroad.fr\/destinations\/cap-vert-les-les-de-sal-boa-vista\"><strong>voyages de groupe WeRoad au Cap-Vert<\/strong><\/a>.<\/p>\n    <section class=\"faq not-prose rounded-lg py-7.5 px-5 flex flex-col gap-y-8 bg-violet\">\n              <h2 class=\"text-gray-900\">FAQ<\/h2>\n\n      \n      <dl class=\"space-y-4\">\n                  <details class=\"faq__item group rounded-[0.625rem]  bg-white\/50 overflow-hidden px-4 py-2.5\">\n            <summary class=\"faq__question flex items-center justify-between gap-4 cursor-pointer  text-gray-900 font-semibold text-base select-none list-none transition-colors lg:text-lg\">\n              <dt>Quelle est la meilleure \u00eele du Cap-Vert pour des vacances plage ?<\/dt>\n              \n              <span class=\"flex-shrink-0 w-4 h-4 flex items-center justify-center text-gray-700 transition-transform duration-200 group-open:rotate-180\" aria-hidden=\"true\">\n                <svg xmlns=\"http:\/\/www.w3.org\/2000\/svg\" class=\"w-2 h-2!\" fill=\"none\" viewBox=\"0 0 24 24\" stroke=\"currentColor\" stroke-width=\"1.75\">\n                  <path stroke-linecap=\"round\" stroke-linejoin=\"round\" d=\"M19 9l-7 7-7-7\" \/>\n                <\/svg>\n              <\/span>\n            <\/summary>\n            <dd class=\"faq__answer prose prose-sm max-w-none text-gray-800 mt-2.5\" >\n              <p><strong>Sal<\/strong> est souvent la meilleure option pour des vacances plage faciles, avec de belles infrastructures, une mer agr\u00e9able et des spots connus comme <strong>Santa Maria<\/strong>.<\/p>\n            <\/dd>\n          <\/details>\n                  <details class=\"faq__item group rounded-[0.625rem]  bg-white\/50 overflow-hidden px-4 py-2.5\">\n            <summary class=\"faq__question flex items-center justify-between gap-4 cursor-pointer  text-gray-900 font-semibold text-base select-none list-none transition-colors lg:text-lg\">\n              <dt>Quelle plage choisir au Cap-Vert pour une ambiance sauvage ?<\/dt>\n              \n              <span class=\"flex-shrink-0 w-4 h-4 flex items-center justify-center text-gray-700 transition-transform duration-200 group-open:rotate-180\" aria-hidden=\"true\">\n                <svg xmlns=\"http:\/\/www.w3.org\/2000\/svg\" class=\"w-2 h-2!\" fill=\"none\" viewBox=\"0 0 24 24\" stroke=\"currentColor\" stroke-width=\"1.75\">\n                  <path stroke-linecap=\"round\" stroke-linejoin=\"round\" d=\"M19 9l-7 7-7-7\" \/>\n                <\/svg>\n              <\/span>\n            <\/summary>\n            <dd class=\"faq__answer prose prose-sm max-w-none text-gray-800 mt-2.5\" >\n              <p><strong>Santa Monica<\/strong> et <strong>Praia de Chaves<\/strong> \u00e0 <strong>Boa Vista<\/strong> sont parfaites si vous cherchez de grands espaces, peu de monde et un d\u00e9cor tr\u00e8s naturel.<\/p>\n            <\/dd>\n          <\/details>\n                  <details class=\"faq__item group rounded-[0.625rem]  bg-white\/50 overflow-hidden px-4 py-2.5\">\n            <summary class=\"faq__question flex items-center justify-between gap-4 cursor-pointer  text-gray-900 font-semibold text-base select-none list-none transition-colors lg:text-lg\">\n              <dt>Le Cap-Vert convient-il aux familles qui veulent se baigner ?<\/dt>\n              \n              <span class=\"flex-shrink-0 w-4 h-4 flex items-center justify-center text-gray-700 transition-transform duration-200 group-open:rotate-180\" aria-hidden=\"true\">\n                <svg xmlns=\"http:\/\/www.w3.org\/2000\/svg\" class=\"w-2 h-2!\" fill=\"none\" viewBox=\"0 0 24 24\" stroke=\"currentColor\" stroke-width=\"1.75\">\n                  <path stroke-linecap=\"round\" stroke-linejoin=\"round\" d=\"M19 9l-7 7-7-7\" \/>\n                <\/svg>\n              <\/span>\n            <\/summary>\n            <dd class=\"faq__answer prose prose-sm max-w-none text-gray-800 mt-2.5\" >\n              <p>Oui, \u00e0 condition de choisir des plages adapt\u00e9es comme <strong>Tarrafal<\/strong> \u00e0 Santiago ou <strong>Santa Maria<\/strong> \u00e0 Sal, o\u00f9 la baignade est g\u00e9n\u00e9ralement plus simple.<\/p>\n            <\/dd>\n          <\/details>\n                  <details class=\"faq__item group rounded-[0.625rem]  bg-white\/50 overflow-hidden px-4 py-2.5\">\n            <summary class=\"faq__question flex items-center justify-between gap-4 cursor-pointer  text-gray-900 font-semibold text-base select-none list-none transition-colors lg:text-lg\">\n              <dt>Y a-t-il des plages de sable noir au Cap-Vert ?<\/dt>\n              \n              <span class=\"flex-shrink-0 w-4 h-4 flex items-center justify-center text-gray-700 transition-transform duration-200 group-open:rotate-180\" aria-hidden=\"true\">\n                <svg xmlns=\"http:\/\/www.w3.org\/2000\/svg\" class=\"w-2 h-2!\" fill=\"none\" viewBox=\"0 0 24 24\" stroke=\"currentColor\" stroke-width=\"1.75\">\n                  <path stroke-linecap=\"round\" stroke-linejoin=\"round\" d=\"M19 9l-7 7-7-7\" \/>\n                <\/svg>\n              <\/span>\n            <\/summary>\n            <dd class=\"faq__answer prose prose-sm max-w-none text-gray-800 mt-2.5\" >\n              <p>Oui, notamment sur les \u00eeles volcaniques comme <strong>Fogo<\/strong> ou certaines zones de <strong>Santo Ant\u00e3o<\/strong>, o\u00f9 les plages offrent un paysage plus min\u00e9ral et contrast\u00e9.<\/p>\n            <\/dd>\n          <\/details>\n                  <details class=\"faq__item group rounded-[0.625rem]  bg-white\/50 overflow-hidden px-4 py-2.5\">\n            <summary class=\"faq__question flex items-center justify-between gap-4 cursor-pointer  text-gray-900 font-semibold text-base select-none list-none transition-colors lg:text-lg\">\n              <dt>Faut-il choisir une seule \u00eele ou faire un combin\u00e9 ?<\/dt>\n              \n              <span class=\"flex-shrink-0 w-4 h-4 flex items-center justify-center text-gray-700 transition-transform duration-200 group-open:rotate-180\" aria-hidden=\"true\">\n                <svg xmlns=\"http:\/\/www.w3.org\/2000\/svg\" class=\"w-2 h-2!\" fill=\"none\" viewBox=\"0 0 24 24\" stroke=\"currentColor\" stroke-width=\"1.75\">\n                  <path stroke-linecap=\"round\" stroke-linejoin=\"round\" d=\"M19 9l-7 7-7-7\" \/>\n                <\/svg>\n              <\/span>\n            <\/summary>\n            <dd class=\"faq__answer prose prose-sm max-w-none text-gray-800 mt-2.5\" >\n              <p>Si vous avez le temps, un combin\u00e9 permet de d\u00e9couvrir plusieurs visages du <strong>Cap-Vert<\/strong> : par exemple <strong>Sal<\/strong> pour la plage et <strong>Santiago<\/strong> ou <strong>S\u00e3o Vicente<\/strong> pour une ambiance plus locale.<\/p>\n            <\/dd>\n          <\/details>\n              <\/dl>\n    <\/section>\n    \n","protected":false},"excerpt":{"rendered":"<p>D\u00e9couvrez les plus belles plages du Cap-Vert, \u00eele par \u00eele, avec nos conseils pour la baignade, l\u2019ambiance et le meilleur s\u00e9jour.<\/p>\n","protected":false},"author":3,"featured_media":4090,"comment_status":"closed","ping_status":"open","sticky":false,"template":"","format":"standard","meta":{"_acf_changed":false,"footnotes":""},"categories":[125],"mete":[127],"class_list":["post-4087","post","type-post","status-publish","format-standard","has-post-thumbnail","hentry","category-idees-de-voyage","mete-afrique"],"acf":[],"yoast_head":"<!-- This site is optimized with the Yoast SEO plugin v26.8 - https:\/\/yoast.com\/product\/yoast-seo-wordpress\/ -->\n<title>Plages Cap-Vert : les plus belles \u00eeles et spots | WeRoad<\/title>\n<meta name=\"description\" content=\"D\u00e9couvrez les plus belles plages du Cap-Vert, \u00eele par \u00eele, avec nos conseils baignade, ambiance et s\u00e9jour. Trouvez votre plage id\u00e9ale.\" \/>\n<meta name=\"robots\" content=\"index, follow, max-snippet:-1, max-image-preview:large, max-video-preview:-1\" \/>\n<link rel=\"canonical\" href=\"https:\/\/www.weroad.fr\/blog\/plages-cap-vert\" \/>\n<meta property=\"og:locale\" content=\"fr_FR\" \/>\n<meta property=\"og:type\" content=\"article\" \/>\n<meta property=\"og:title\" content=\"Plages Cap-Vert : les plus belles \u00eeles et spots | WeRoad\" \/>\n<meta property=\"og:description\" content=\"D\u00e9couvrez les plus belles plages du Cap-Vert, \u00eele par \u00eele, avec nos conseils baignade, ambiance et s\u00e9jour. Trouvez votre plage id\u00e9ale.\" \/>\n<meta property=\"og:url\" content=\"https:\/\/www.weroad.fr\/blog\/plages-cap-vert\" \/>\n<meta property=\"og:site_name\" content=\"Stories\" \/>\n<meta property=\"article:publisher\" content=\"https:\/\/www.facebook.com\/weroadFR\/\" \/>\n<meta property=\"article:published_time\" content=\"2026-04-22T15:23:44+00:00\" \/>\n<meta property=\"og:image\" content=\"https:\/\/www.weroad.fr\/blog\/wp-content\/uploads\/2026\/04\/plages-cap-vert-bUr7bABXQ_c.jpg\" \/>\n\t<meta property=\"og:image:width\" content=\"1920\" \/>\n\t<meta property=\"og:image:height\" content=\"1280\" \/>\n\t<meta property=\"og:image:type\" content=\"image\/jpeg\" \/>\n<meta name=\"author\" content=\"WeRoad Team\" \/>\n<meta name=\"twitter:card\" content=\"summary_large_image\" \/>\n<meta name=\"twitter:label1\" content=\"\u00c9crit par\" \/>\n\t<meta name=\"twitter:data1\" content=\"WeRoad Team\" \/>\n\t<meta name=\"twitter:label2\" content=\"Dur\u00e9e de lecture estim\u00e9e\" \/>\n\t<meta name=\"twitter:data2\" content=\"10 minutes\" \/>\n<script type=\"application\/ld+json\" class=\"yoast-schema-graph\">{\"@context\":\"https:\/\/schema.org\",\"@graph\":[{\"@type\":\"Article\",\"@id\":\"https:\/\/www.weroad.fr\/blog\/plages-cap-vert#article\",\"isPartOf\":{\"@id\":\"https:\/\/www.weroad.fr\/blog\/plages-cap-vert\"},\"author\":{\"name\":\"WeRoad Team\",\"@id\":\"https:\/\/www.weroad.fr\/blog\/#\/schema\/person\/5c84ec0c27a1fcf29bd4817a3275daa1\"},\"headline\":\"Les plus belles plages du Cap-Vert : notre guide \u00eele par \u00eele\",\"datePublished\":\"2026-04-22T15:23:44+00:00\",\"mainEntityOfPage\":{\"@id\":\"https:\/\/www.weroad.fr\/blog\/plages-cap-vert\"},\"wordCount\":1876,\"image\":{\"@id\":\"https:\/\/www.weroad.fr\/blog\/plages-cap-vert#primaryimage\"},\"thumbnailUrl\":\"https:\/\/www.weroad.fr\/blog\/wp-content\/uploads\/2026\/04\/plages-cap-vert-bUr7bABXQ_c.jpg\",\"articleSection\":[\"Idees de voyage\"],\"inLanguage\":\"fr-FR\"},{\"@type\":\"WebPage\",\"@id\":\"https:\/\/www.weroad.fr\/blog\/plages-cap-vert\",\"url\":\"https:\/\/www.weroad.fr\/blog\/plages-cap-vert\",\"name\":\"Plages Cap-Vert : les plus belles \u00eeles et spots | WeRoad\",\"isPartOf\":{\"@id\":\"https:\/\/www.weroad.fr\/blog\/#website\"},\"primaryImageOfPage\":{\"@id\":\"https:\/\/www.weroad.fr\/blog\/plages-cap-vert#primaryimage\"},\"image\":{\"@id\":\"https:\/\/www.weroad.fr\/blog\/plages-cap-vert#primaryimage\"},\"thumbnailUrl\":\"https:\/\/www.weroad.fr\/blog\/wp-content\/uploads\/2026\/04\/plages-cap-vert-bUr7bABXQ_c.jpg\",\"datePublished\":\"2026-04-22T15:23:44+00:00\",\"author\":{\"@id\":\"https:\/\/www.weroad.fr\/blog\/#\/schema\/person\/5c84ec0c27a1fcf29bd4817a3275daa1\"},\"description\":\"D\u00e9couvrez les plus belles plages du Cap-Vert, \u00eele par \u00eele, avec nos conseils baignade, ambiance et s\u00e9jour. Trouvez votre plage id\u00e9ale.\",\"breadcrumb\":{\"@id\":\"https:\/\/www.weroad.fr\/blog\/plages-cap-vert#breadcrumb\"},\"inLanguage\":\"fr-FR\",\"potentialAction\":[{\"@type\":\"ReadAction\",\"target\":[\"https:\/\/www.weroad.fr\/blog\/plages-cap-vert\"]}]},{\"@type\":\"ImageObject\",\"inLanguage\":\"fr-FR\",\"@id\":\"https:\/\/www.weroad.fr\/blog\/plages-cap-vert#primaryimage\",\"url\":\"https:\/\/www.weroad.fr\/blog\/wp-content\/uploads\/2026\/04\/plages-cap-vert-bUr7bABXQ_c.jpg\",\"contentUrl\":\"https:\/\/www.weroad.fr\/blog\/wp-content\/uploads\/2026\/04\/plages-cap-vert-bUr7bABXQ_c.jpg\",\"width\":1920,\"height\":1280},{\"@type\":\"BreadcrumbList\",\"@id\":\"https:\/\/www.weroad.fr\/blog\/plages-cap-vert#breadcrumb\",\"itemListElement\":[{\"@type\":\"ListItem\",\"position\":1,\"name\":\"Accueil\",\"item\":\"https:\/\/www.weroad.fr\/blog\/\"},{\"@type\":\"ListItem\",\"position\":2,\"name\":\"Les plus belles plages du Cap-Vert : notre guide \u00eele par \u00eele\"}]},{\"@type\":\"WebSite\",\"@id\":\"https:\/\/www.weroad.fr\/blog\/#website\",\"url\":\"https:\/\/www.weroad.fr\/blog\/\",\"name\":\"Stories\",\"description\":\"A blog by WeRoad\",\"potentialAction\":[{\"@type\":\"SearchAction\",\"target\":{\"@type\":\"EntryPoint\",\"urlTemplate\":\"https:\/\/www.weroad.fr\/blog\/?s={search_term_string}\"},\"query-input\":{\"@type\":\"PropertyValueSpecification\",\"valueRequired\":true,\"valueName\":\"search_term_string\"}}],\"inLanguage\":\"fr-FR\"},{\"@type\":\"Person\",\"@id\":\"https:\/\/www.weroad.fr\/blog\/#\/schema\/person\/5c84ec0c27a1fcf29bd4817a3275daa1\",\"name\":\"WeRoad Team\",\"image\":{\"@type\":\"ImageObject\",\"inLanguage\":\"fr-FR\",\"@id\":\"https:\/\/www.weroad.fr\/blog\/#\/schema\/person\/image\/\",\"url\":\"https:\/\/secure.gravatar.com\/avatar\/29551bd254dd2356c2ccb2eb558e1779?s=96&d=mm&r=g\",\"contentUrl\":\"https:\/\/secure.gravatar.com\/avatar\/29551bd254dd2356c2ccb2eb558e1779?s=96&d=mm&r=g\",\"caption\":\"WeRoad Team\"}}]}<\/script>\n<!-- \/ Yoast SEO plugin. -->","yoast_head_json":{"title":"Plages Cap-Vert : les plus belles \u00eeles et spots | WeRoad","description":"D\u00e9couvrez les plus belles plages du Cap-Vert, \u00eele par \u00eele, avec nos conseils baignade, ambiance et s\u00e9jour. Trouvez votre plage id\u00e9ale.","robots":{"index":"index","follow":"follow","max-snippet":"max-snippet:-1","max-image-preview":"max-image-preview:large","max-video-preview":"max-video-preview:-1"},"canonical":"https:\/\/www.weroad.fr\/blog\/plages-cap-vert","og_locale":"fr_FR","og_type":"article","og_title":"Plages Cap-Vert : les plus belles \u00eeles et spots | WeRoad","og_description":"D\u00e9couvrez les plus belles plages du Cap-Vert, \u00eele par \u00eele, avec nos conseils baignade, ambiance et s\u00e9jour. Trouvez votre plage id\u00e9ale.","og_url":"https:\/\/www.weroad.fr\/blog\/plages-cap-vert","og_site_name":"Stories","article_publisher":"https:\/\/www.facebook.com\/weroadFR\/","article_published_time":"2026-04-22T15:23:44+00:00","og_image":[{"width":1920,"height":1280,"url":"https:\/\/www.weroad.fr\/blog\/wp-content\/uploads\/2026\/04\/plages-cap-vert-bUr7bABXQ_c.jpg","type":"image\/jpeg"}],"author":"WeRoad Team","twitter_card":"summary_large_image","twitter_misc":{"\u00c9crit par":"WeRoad Team","Dur\u00e9e de lecture estim\u00e9e":"10 minutes"},"schema":{"@context":"https:\/\/schema.org","@graph":[{"@type":"Article","@id":"https:\/\/www.weroad.fr\/blog\/plages-cap-vert#article","isPartOf":{"@id":"https:\/\/www.weroad.fr\/blog\/plages-cap-vert"},"author":{"name":"WeRoad Team","@id":"https:\/\/www.weroad.fr\/blog\/#\/schema\/person\/5c84ec0c27a1fcf29bd4817a3275daa1"},"headline":"Les plus belles plages du Cap-Vert : notre guide \u00eele par \u00eele","datePublished":"2026-04-22T15:23:44+00:00","mainEntityOfPage":{"@id":"https:\/\/www.weroad.fr\/blog\/plages-cap-vert"},"wordCount":1876,"image":{"@id":"https:\/\/www.weroad.fr\/blog\/plages-cap-vert#primaryimage"},"thumbnailUrl":"https:\/\/www.weroad.fr\/blog\/wp-content\/uploads\/2026\/04\/plages-cap-vert-bUr7bABXQ_c.jpg","articleSection":["Idees de voyage"],"inLanguage":"fr-FR"},{"@type":"WebPage","@id":"https:\/\/www.weroad.fr\/blog\/plages-cap-vert","url":"https:\/\/www.weroad.fr\/blog\/plages-cap-vert","name":"Plages Cap-Vert : les plus belles \u00eeles et spots | WeRoad","isPartOf":{"@id":"https:\/\/www.weroad.fr\/blog\/#website"},"primaryImageOfPage":{"@id":"https:\/\/www.weroad.fr\/blog\/plages-cap-vert#primaryimage"},"image":{"@id":"https:\/\/www.weroad.fr\/blog\/plages-cap-vert#primaryimage"},"thumbnailUrl":"https:\/\/www.weroad.fr\/blog\/wp-content\/uploads\/2026\/04\/plages-cap-vert-bUr7bABXQ_c.jpg","datePublished":"2026-04-22T15:23:44+00:00","author":{"@id":"https:\/\/www.weroad.fr\/blog\/#\/schema\/person\/5c84ec0c27a1fcf29bd4817a3275daa1"},"description":"D\u00e9couvrez les plus belles plages du Cap-Vert, \u00eele par \u00eele, avec nos conseils baignade, ambiance et s\u00e9jour. Trouvez votre plage id\u00e9ale.","breadcrumb":{"@id":"https:\/\/www.weroad.fr\/blog\/plages-cap-vert#breadcrumb"},"inLanguage":"fr-FR","potentialAction":[{"@type":"ReadAction","target":["https:\/\/www.weroad.fr\/blog\/plages-cap-vert"]}]},{"@type":"ImageObject","inLanguage":"fr-FR","@id":"https:\/\/www.weroad.fr\/blog\/plages-cap-vert#primaryimage","url":"https:\/\/www.weroad.fr\/blog\/wp-content\/uploads\/2026\/04\/plages-cap-vert-bUr7bABXQ_c.jpg","contentUrl":"https:\/\/www.weroad.fr\/blog\/wp-content\/uploads\/2026\/04\/plages-cap-vert-bUr7bABXQ_c.jpg","width":1920,"height":1280},{"@type":"BreadcrumbList","@id":"https:\/\/www.weroad.fr\/blog\/plages-cap-vert#breadcrumb","itemListElement":[{"@type":"ListItem","position":1,"name":"Accueil","item":"https:\/\/www.weroad.fr\/blog\/"},{"@type":"ListItem","position":2,"name":"Les plus belles plages du Cap-Vert : notre guide \u00eele par \u00eele"}]},{"@type":"WebSite","@id":"https:\/\/www.weroad.fr\/blog\/#website","url":"https:\/\/www.weroad.fr\/blog\/","name":"Stories","description":"A blog by WeRoad","potentialAction":[{"@type":"SearchAction","target":{"@type":"EntryPoint","urlTemplate":"https:\/\/www.weroad.fr\/blog\/?s={search_term_string}"},"query-input":{"@type":"PropertyValueSpecification","valueRequired":true,"valueName":"search_term_string"}}],"inLanguage":"fr-FR"},{"@type":"Person","@id":"https:\/\/www.weroad.fr\/blog\/#\/schema\/person\/5c84ec0c27a1fcf29bd4817a3275daa1","name":"WeRoad Team","image":{"@type":"ImageObject","inLanguage":"fr-FR","@id":"https:\/\/www.weroad.fr\/blog\/#\/schema\/person\/image\/","url":"https:\/\/secure.gravatar.com\/avatar\/29551bd254dd2356c2ccb2eb558e1779?s=96&d=mm&r=g","contentUrl":"https:\/\/secure.gravatar.com\/avatar\/29551bd254dd2356c2ccb2eb558e1779?s=96&d=mm&r=g","caption":"WeRoad Team"}}]}},"_links":{"self":[{"href":"https:\/\/www.weroad.fr\/blog\/wp-json\/wp\/v2\/posts\/4087","targetHints":{"allow":["GET"]}}],"collection":[{"href":"https:\/\/www.weroad.fr\/blog\/wp-json\/wp\/v2\/posts"}],"about":[{"href":"https:\/\/www.weroad.fr\/blog\/wp-json\/wp\/v2\/types\/post"}],"author":[{"embeddable":true,"href":"https:\/\/www.weroad.fr\/blog\/wp-json\/wp\/v2\/users\/3"}],"replies":[{"embeddable":true,"href":"https:\/\/www.weroad.fr\/blog\/wp-json\/wp\/v2\/comments?post=4087"}],"version-history":[{"count":3,"href":"https:\/\/www.weroad.fr\/blog\/wp-json\/wp\/v2\/posts\/4087\/revisions"}],"predecessor-version":[{"id":4093,"href":"https:\/\/www.weroad.fr\/blog\/wp-json\/wp\/v2\/posts\/4087\/revisions\/4093"}],"wp:featuredmedia":[{"embeddable":true,"href":"https:\/\/www.weroad.fr\/blog\/wp-json\/wp\/v2\/media\/4090"}],"wp:attachment":[{"href":"https:\/\/www.weroad.fr\/blog\/wp-json\/wp\/v2\/media?parent=4087"}],"wp:term":[{"taxonomy":"category","embeddable":true,"href":"https:\/\/www.weroad.fr\/blog\/wp-json\/wp\/v2\/categories?post=4087"},{"taxonomy":"mete","embeddable":true,"href":"https:\/\/www.weroad.fr\/blog\/wp-json\/wp\/v2\/mete?post=4087"}],"curies":[{"name":"wp","href":"https:\/\/api.w.org\/{rel}","templated":true}]}}