{"id":4043,"date":"2026-04-16T16:06:13","date_gmt":"2026-04-16T14:06:13","guid":{"rendered":"https:\/\/www.weroad.fr\/blog\/?p=4043"},"modified":"2026-04-16T16:19:08","modified_gmt":"2026-04-16T14:19:08","slug":"peut-on-reserver-un-vol-sans-sinquieter-on-fait-le-point","status":"publish","type":"post","link":"https:\/\/www.weroad.fr\/blog\/peut-on-reserver-un-vol-sans-sinquieter-on-fait-le-point","title":{"rendered":"Peut-on r\u00e9server un vol sans s&rsquo;inqui\u00e9ter ? On fait le point"},"content":{"rendered":"<p class=\"font-claude-response-body break-words whitespace-normal leading-[1.7]\">\u00ab A\u00e9roports sans carburant \u00bb, \u00ab \u00c9t\u00e9 clou\u00e9 au sol \u00bb, \u00ab Chaos a\u00e9rien en Europe \u00bb. Si vous avez lu ces titres ces derni\u00e8res semaines, vous vous posez probablement les m\u00eames questions : <strong>vaut-il encore la peine de r\u00e9server un vol pour l&rsquo;\u00e9t\u00e9 ? Mieux vaut attendre ?<\/strong><\/p>\n<p class=\"font-claude-response-body break-words whitespace-pre-wrap leading-[1.7]\">Il y a pourtant une \u00e9norme diff\u00e9rence entre ce qui fait la une et ce qui se passe vraiment. <strong>Essayons donc de voir les choses clairement, en partant des donn\u00e9es.<\/strong><\/p>\n<h2 class=\"font-claude-response-body break-words whitespace-normal leading-[1.7]\"><strong>La situation des vols \u00e9t\u00e9 2026 : ce que disent les donn\u00e9es<\/strong><\/h2>\n<p class=\"font-claude-response-body break-words whitespace-normal leading-[1.7]\">Le chiffre le plus important \u00e0 retenir : <strong>plus de 95 % des vols cet \u00e9t\u00e9 op\u00e9reront normalement<\/strong>. Les analyses sectorielles le confirment.<\/p>\n<p class=\"font-claude-response-body break-words whitespace-normal leading-[1.7]\">Seule une petite part, estim\u00e9e \u00e0 environ 5 %, pourrait subir des modifications. Mais attention : cela ne concerne pas tous les vols de la m\u00eame fa\u00e7on, et ce n&rsquo;est pas r\u00e9parti uniform\u00e9ment entre les routes et les a\u00e9roports.<\/p>\n<h2 class=\"font-claude-response-body break-words whitespace-normal leading-[1.7]\"><strong>Intercontinentaux et long-courriers : risque minimal<\/strong><\/h2>\n<p class=\"font-claude-response-body break-words whitespace-normal leading-[1.7]\"><strong>Les vols intercontinentaux sont les moins expos\u00e9s<\/strong>. Les routes long-courriers sont op\u00e9r\u00e9es par des compagnies disposant d&rsquo;approvisionnements garantis dans les grands hubs, avec des contrats structur\u00e9s et un ravitaillement planifi\u00e9. Qui vole vers des destinations lointaines comme, par exemple, l&rsquo;Asie, les Am\u00e9riques ou l&rsquo;Afrique, n&rsquo;a aucune inqui\u00e9tude \u00e0 avoir.<\/p>\n<h3 class=\"font-claude-response-body break-words whitespace-normal leading-[1.7]\"><strong>Vols courts, charters et saisonniers : l\u00e0 o\u00f9 se concentre le 5 %<\/strong><\/h3>\n<p class=\"font-claude-response-body break-words whitespace-normal leading-[1.7]\">C&rsquo;est ici que se concentre le risque : routes saisonni\u00e8res, charters et liaisons europ\u00e9ennes courtes. Ces vols d\u00e9pendent d&rsquo;accords d&rsquo;approvisionnement plus flexibles et sont donc plus expos\u00e9s aux tensions sur la disponibilit\u00e9 de carburant.<\/p>\n<h3 class=\"font-claude-response-body break-words whitespace-normal leading-[1.7]\"><strong>Les grands hubs europ\u00e9ens fonctionnent normalement<\/strong><\/h3>\n<p class=\"font-claude-response-body break-words whitespace-normal leading-[1.7]\">Fiumicino, Malpensa, Francfort, Paris, Madrid, Londres, Amsterdam : <strong>les principaux a\u00e9roports europ\u00e9ens ne sont pratiquement pas touch\u00e9s par la situation g\u00e9opolitique actuelle<\/strong>. Qui part d&rsquo;un grand hub peut r\u00e9server avec la m\u00eame confiance qu&rsquo;avant. Pour la grande majorit\u00e9 des destinations WeRoad, nous sommes bien dans la zone sans risque.<\/p>\n<p class=\"font-claude-response-body break-words whitespace-normal leading-[1.7]\">    <div class=\"tip not-prose flex gap-3.5 rounded-xl border border-gray-400  p-7.5 pt-11.25 relative items-start\">\n      \n      <span class=\"absolute flex items-center justify-center w-15 h-15 rounded-full border border-gray-400 bg-white p-1.25 left-[50%] -ml-7.5 -top-7.5 lg:relative lg:top-0 lg:ml-0 lg:left-0 lg:p-0 lg:border-0 lg:w-auto lg:h-auto lg:mt-1.5\" aria-hidden=\"true\">\n        <svg class=\"h-12.5! lg:h-5!\"  width=\"32\" height=\"32\" viewBox=\"0 0 32 32\" fill=\"none\" xmlns=\"http:\/\/www.w3.org\/2000\/svg\">\n          <path d=\"M16.0022 3.33398C15.3889 3.33398 14.7622 3.38732 14.1355 3.52065C10.4555 4.22732 7.52221 7.20065 6.82888 10.8807C6.18888 14.3607 7.46888 17.5607 9.78888 19.6273C10.3622 20.134 10.6689 20.8407 10.6689 21.5873V24.6673C10.6689 26.134 11.8689 27.334 13.3355 27.334H13.7089C14.1755 28.134 15.0155 28.6673 16.0022 28.6673C16.9889 28.6673 17.8422 28.134 18.2955 27.334H18.6689C20.1355 27.334 21.3355 26.134 21.3355 24.6673V21.5873C21.3355 20.854 21.6289 20.134 22.1889 19.6407C24.1222 17.934 25.3355 15.4407 25.3355 12.6673C25.3355 7.50732 21.1622 3.33398 16.0022 3.33398ZM18.6689 22.0007H13.3355V20.6673H18.6689V22.0007ZM13.3355 24.6673V23.334H18.6689V24.6673H13.3355ZM20.4155 17.654C20.2955 17.7607 20.2022 17.894 20.0955 18.0007H11.8955C11.7889 17.8807 11.6955 17.7473 11.5755 17.6407C9.81555 16.0673 9.02888 13.7207 9.45554 11.374C9.93554 8.78732 12.0689 6.64065 14.6422 6.13398C15.0955 6.04065 15.5489 6.00065 16.0022 6.00065C19.6822 6.00065 22.6689 8.98732 22.6689 12.6673C22.6689 14.574 21.8555 16.3873 20.4155 17.654Z\" fill=\"#323232\"\/>\n          <path d=\"M16.6689 14.0007H15.3355V18.0007H16.6689V14.0007Z\" fill=\"#323232\"\/>\n          <path d=\"M13.8415 11.1656L12.8987 12.1084L15.7271 14.9368L16.6699 13.994L13.8415 11.1656Z\" fill=\"#323232\"\/>\n          <path d=\"M15.3369 14.0076L16.2797 14.9504L19.1081 12.122L18.1653 11.1792L15.3369 14.0076Z\" fill=\"#323232\"\/>\n        <\/svg>\n\n      <\/span>\n      <div class=\"tip__content prose  max-w-none\">\n        <p><strong>Avant de r\u00e9server, v\u00e9rifiez toujours depuis quel a\u00e9roport part votre vol<\/strong>. Partir d&rsquo;un grand hub, Fiumicino, Malpensa, Francfort, Paris, Madrid, Londres, Amsterdam, c&rsquo;est \u00eatre pratiquement hors de la zone de risque actuelle.<\/p>\n      <\/div>\n    <\/div>\n    <\/p>\n<h2 class=\"font-claude-response-body break-words whitespace-normal leading-[1.7]\"><strong>R\u00e9server maintenant ou attendre ? Ce qu&rsquo;il faut savoir sur les prix<\/strong><\/h2>\n<p class=\"font-claude-response-body break-words whitespace-normal leading-[1.7]\">R\u00e9server maintenant a un avantage concret : cela bloque le prix. Le carburant repr\u00e9sente entre 25 % et 40 % des co\u00fbts op\u00e9rationnels des compagnies a\u00e9riennes, et les prix des billets ont tendance \u00e0 monter avec le temps \u2014 pas \u00e0 baisser. R\u00e9server t\u00f4t, c&rsquo;est payer moins, avec la m\u00eame libert\u00e9 de choix.<\/p>\n<p class=\"font-claude-response-body break-words whitespace-normal leading-[1.7]\"><strong>Notre conseil<\/strong> : envisagez un tarif flexible. Il offre plus de ma\u00eetrise sur votre voyage et permet de s&rsquo;adapter \u00e0 tout changement sans stress.<\/p>\n<p class=\"font-claude-response-body break-words whitespace-normal leading-[1.7]\">Et si un vol est modifi\u00e9 ou annul\u00e9 ? Les compagnies a\u00e9riennes sont l\u00e9galement tenues de proposer une alternative \u00e9quivalente ou un remboursement int\u00e9gral. Personne ne reste bloqu\u00e9 sans solution.<\/p>\n<h2 class=\"font-claude-response-body break-words whitespace-normal leading-[1.7]\"><strong>Avec WeRoad : flexibilit\u00e9 jusqu&rsquo;\u00e0 8 jours avant le d\u00e9part<\/strong><\/h2>\n<p class=\"font-claude-response-body break-words whitespace-normal leading-[1.7]\"><strong>Quand vous voyagez avec WeRoad<\/strong>, vous b\u00e9n\u00e9ficiez d&rsquo;une flexibilit\u00e9 maximale :<\/p>\n<ul class=\"[li_&amp;]:mb-0 [li_&amp;]:mt-1 [li_&amp;]:gap-1 [&amp;:not(:last-child)_ul]:pb-1 [&amp;:not(:last-child)_ol]:pb-1 list-disc flex flex-col gap-1 pl-8 mb-3\">\n<li class=\"whitespace-normal break-words pl-2\">Changez de dates ou d&rsquo;itin\u00e9raire autant de fois que vous le souhaitez jusqu&rsquo;\u00e0 31 jours avant le d\u00e9part, sans p\u00e9nalit\u00e9s et sans frais suppl\u00e9mentaires ;<\/li>\n<li class=\"whitespace-normal break-words pl-2\">Vous voulez encore plus de garanties ? Ajoutez l&rsquo;Annulation Flexible : elle vous permet de reporter ou d&rsquo;obtenir le remboursement int\u00e9gral jusqu&rsquo;\u00e0 8 jours avant le d\u00e9part.<\/li>\n<\/ul>\n<p class=\"font-claude-response-body break-words whitespace-normal leading-[1.7]\">Au milieu de toute cette incertitude g\u00e9opolitique et m\u00e9diatique, c&rsquo;est paradoxalement le meilleur moment pour planifier l&rsquo;\u00e9t\u00e9 et, au moins mentalement, laisser tout \u00e7a derri\u00e8re soi.<\/p>\n<p class=\"font-claude-response-body break-words whitespace-normal leading-[1.7]\">Tous les d\u00e9tails sont disponibles sur la page des\u00a0<a href=\"https:\/\/www.weroad.fr\/conditions-annulation\"><strong>conditions d\u2019annulation<\/strong><\/a>\u00a0et dans la section FAQ d\u00e9di\u00e9e.<\/p>\n<h3 class=\"font-claude-response-body break-words whitespace-normal leading-[1.7]\"><strong>Backpacker Days : jusqu&rsquo;\u00e0 30 % de r\u00e9duction<\/strong><\/h3>\n<p class=\"font-claude-response-body break-words whitespace-normal leading-[1.7]\">La cerise sur le g\u00e2teau ? Jusqu&rsquo;au 22 avril, le <strong>Backpacker Days<\/strong> est actif : jusqu&rsquo;\u00e0 30 % de r\u00e9duction sur de nombreux itin\u00e9raires et le sac \u00e0 dos WeRoad Ferrino offert. Si vous pensez \u00e0 r\u00e9server votre \u00e9t\u00e9, c&rsquo;est le bon moment. <a href=\"https:\/\/www.weroad.fr\/backpacker-days\">D\u00e9couvrez les offre<\/a>s !<\/p>\n<h2 class=\"font-claude-response-body break-words whitespace-normal leading-[1.7]\"><strong>Ne cessez pas de voyager !<\/strong><\/h2>\n<p class=\"font-claude-response-body break-words whitespace-normal leading-[1.7]\">R\u00e9server un voyage aujourd&rsquo;hui n&rsquo;est pas un pari, c&rsquo;est un choix. Le choix de mettre quelque chose de concret dans l&rsquo;agenda, <strong>d&rsquo;avoir quelque chose \u00e0 attendre avec impatience<\/strong>, dans un moment qui en offre peu.<\/p>\n<p class=\"font-claude-response-body break-words whitespace-normal leading-[1.7]\">Avec WeRoad, vous pouvez le faire en sachant que, quoi qu&rsquo;il arrive, vous n&rsquo;\u00eates pas seul. Vous changez d&rsquo;itin\u00e9raire, d\u00e9calez les dates, ajoutez l&rsquo;<strong>Annulation Flexible<\/strong> si vous voulez dormir encore plus sur vos deux oreilles. Nous surveillons la situation en permanence et, si quelque chose change, nos WeRoaders sont les premiers inform\u00e9s.<\/p>\n<p class=\"font-claude-response-body break-words whitespace-normal leading-[1.7]\">Le bon moment pour r\u00e9server l&rsquo;\u00e9t\u00e9 ? C&rsquo;est <strong>maintenant<\/strong>. (Et c&rsquo;est peut-\u00eatre aussi le moment de cesser de lire les titres et de commencer \u00e0 penser \u00e0 o\u00f9 vous voulez aller !)<\/p>\n<p data-start=\"6012\" data-end=\"6039\"><a href=\"https:\/\/www.weroad.fr\/destinations\">D\u00e9couvre tous nos voyages<\/a>\u00a0!<\/p>\n<section class=\"faq not-prose rounded-lg py-7.5 px-5 flex flex-col gap-y-8 bg-violet\"><\/section>\n    <section class=\"faq not-prose rounded-lg py-7.5 px-5 flex flex-col gap-y-8 bg-violet\">\n              <h2 class=\"text-gray-900\">FAQ | Mieux vaut attendre avant de r\u00e9server ?<\/h2>\n\n      \n      <dl class=\"space-y-4\">\n                  <details class=\"faq__item group rounded-[0.625rem]  bg-white\/50 overflow-hidden px-4 py-2.5\">\n            <summary class=\"faq__question flex items-center justify-between gap-4 cursor-pointer  text-gray-900 font-semibold text-base select-none list-none transition-colors lg:text-lg\">\n              <dt>Vaut-il mieux r\u00e9server maintenant ou attendre ?<\/dt>\n              \n              <span class=\"flex-shrink-0 w-4 h-4 flex items-center justify-center text-gray-700 transition-transform duration-200 group-open:rotate-180\" aria-hidden=\"true\">\n                <svg xmlns=\"http:\/\/www.w3.org\/2000\/svg\" class=\"w-2 h-2!\" fill=\"none\" viewBox=\"0 0 24 24\" stroke=\"currentColor\" stroke-width=\"1.75\">\n                  <path stroke-linecap=\"round\" stroke-linejoin=\"round\" d=\"M19 9l-7 7-7-7\" \/>\n                <\/svg>\n              <\/span>\n            <\/summary>\n            <dd class=\"faq__answer prose prose-sm max-w-none text-gray-800 mt-2.5\" >\n              <p class=\"font-claude-response-body break-words whitespace-normal leading-[1.7]\">Mieux vaut r\u00e9server maintenant. Les prix ont tendance \u00e0 monter, pas \u00e0 baisser, bloquer votre place aujourd&rsquo;hui, c&rsquo;est payer moins pour le m\u00eame voyage.<\/p>\n<p class=\"font-claude-response-body break-words whitespace-normal leading-[1.7]\">\n            <\/dd>\n          <\/details>\n                  <details class=\"faq__item group rounded-[0.625rem]  bg-white\/50 overflow-hidden px-4 py-2.5\">\n            <summary class=\"faq__question flex items-center justify-between gap-4 cursor-pointer  text-gray-900 font-semibold text-base select-none list-none transition-colors lg:text-lg\">\n              <dt>Mon vol d&#039;\u00e9t\u00e9 risque-t-il d&#039;\u00eatre annul\u00e9 ?<\/dt>\n              \n              <span class=\"flex-shrink-0 w-4 h-4 flex items-center justify-center text-gray-700 transition-transform duration-200 group-open:rotate-180\" aria-hidden=\"true\">\n                <svg xmlns=\"http:\/\/www.w3.org\/2000\/svg\" class=\"w-2 h-2!\" fill=\"none\" viewBox=\"0 0 24 24\" stroke=\"currentColor\" stroke-width=\"1.75\">\n                  <path stroke-linecap=\"round\" stroke-linejoin=\"round\" d=\"M19 9l-7 7-7-7\" \/>\n                <\/svg>\n              <\/span>\n            <\/summary>\n            <dd class=\"faq__answer prose prose-sm max-w-none text-gray-800 mt-2.5\" >\n              <p class=\"font-claude-response-body break-words whitespace-normal leading-[1.7]\">Cela d\u00e9pend de la route. Plus de 95 % des vols op\u00e9reront normalement. Le risque se concentre sur les charters, les vols courts et les routes saisonni\u00e8res \u2014 pas sur les long-courriers ni les vols depuis les grands hubs.<\/p>\n<p class=\"font-claude-response-body break-words whitespace-normal leading-[1.7]\">\n            <\/dd>\n          <\/details>\n                  <details class=\"faq__item group rounded-[0.625rem]  bg-white\/50 overflow-hidden px-4 py-2.5\">\n            <summary class=\"faq__question flex items-center justify-between gap-4 cursor-pointer  text-gray-900 font-semibold text-base select-none list-none transition-colors lg:text-lg\">\n              <dt>Que se passe-t-il si mon vol est annul\u00e9 ?<\/dt>\n              \n              <span class=\"flex-shrink-0 w-4 h-4 flex items-center justify-center text-gray-700 transition-transform duration-200 group-open:rotate-180\" aria-hidden=\"true\">\n                <svg xmlns=\"http:\/\/www.w3.org\/2000\/svg\" class=\"w-2 h-2!\" fill=\"none\" viewBox=\"0 0 24 24\" stroke=\"currentColor\" stroke-width=\"1.75\">\n                  <path stroke-linecap=\"round\" stroke-linejoin=\"round\" d=\"M19 9l-7 7-7-7\" \/>\n                <\/svg>\n              <\/span>\n            <\/summary>\n            <dd class=\"faq__answer prose prose-sm max-w-none text-gray-800 mt-2.5\" >\n              <p class=\"font-claude-response-body break-words whitespace-normal leading-[1.7]\">La compagnie a\u00e9rienne est l\u00e9galement tenue de vous proposer un vol alternatif ou un remboursement complet. Personne ne reste bloqu\u00e9 sans solution.<\/p>\n<p class=\"font-claude-response-body break-words whitespace-normal leading-[1.7]\">\n            <\/dd>\n          <\/details>\n                  <details class=\"faq__item group rounded-[0.625rem]  bg-white\/50 overflow-hidden px-4 py-2.5\">\n            <summary class=\"faq__question flex items-center justify-between gap-4 cursor-pointer  text-gray-900 font-semibold text-base select-none list-none transition-colors lg:text-lg\">\n              <dt>Que se passe-t-il pour mon voyage WeRoad en cas de probl\u00e8me de vol ?<\/dt>\n              \n              <span class=\"flex-shrink-0 w-4 h-4 flex items-center justify-center text-gray-700 transition-transform duration-200 group-open:rotate-180\" aria-hidden=\"true\">\n                <svg xmlns=\"http:\/\/www.w3.org\/2000\/svg\" class=\"w-2 h-2!\" fill=\"none\" viewBox=\"0 0 24 24\" stroke=\"currentColor\" stroke-width=\"1.75\">\n                  <path stroke-linecap=\"round\" stroke-linejoin=\"round\" d=\"M19 9l-7 7-7-7\" \/>\n                <\/svg>\n              <\/span>\n            <\/summary>\n            <dd class=\"faq__answer prose prose-sm max-w-none text-gray-800 mt-2.5\" >\n              <p class=\"font-claude-response-body break-words whitespace-normal leading-[1.7]\">L&rsquo;\u00e9quipe WeRoad surveille la situation en temps r\u00e9el. Si quelque chose change, vous serez parmi les premiers \u00e0 le savoir \u2014 et vous avez toujours la possibilit\u00e9 de d\u00e9caler les dates ou de changer d&rsquo;itin\u00e9raire sans p\u00e9nalit\u00e9.<\/p>\n<p class=\"font-claude-response-body break-words whitespace-normal leading-[1.7]\">\n            <\/dd>\n          <\/details>\n                  <details class=\"faq__item group rounded-[0.625rem]  bg-white\/50 overflow-hidden px-4 py-2.5\">\n            <summary class=\"faq__question flex items-center justify-between gap-4 cursor-pointer  text-gray-900 font-semibold text-base select-none list-none transition-colors lg:text-lg\">\n              <dt>Vaut-il la peine d&#039;ajouter l&#039;Annulation Flexible ?<\/dt>\n              \n              <span class=\"flex-shrink-0 w-4 h-4 flex items-center justify-center text-gray-700 transition-transform duration-200 group-open:rotate-180\" aria-hidden=\"true\">\n                <svg xmlns=\"http:\/\/www.w3.org\/2000\/svg\" class=\"w-2 h-2!\" fill=\"none\" viewBox=\"0 0 24 24\" stroke=\"currentColor\" stroke-width=\"1.75\">\n                  <path stroke-linecap=\"round\" stroke-linejoin=\"round\" d=\"M19 9l-7 7-7-7\" \/>\n                <\/svg>\n              <\/span>\n            <\/summary>\n            <dd class=\"faq__answer prose prose-sm max-w-none text-gray-800 mt-2.5\" >\n              <p class=\"font-claude-response-body break-words whitespace-normal leading-[1.7]\">Si vous voulez une tranquillit\u00e9 d&rsquo;esprit maximale, oui. Elle garantit de pouvoir reporter ou obtenir le remboursement int\u00e9gral jusqu&rsquo;\u00e0 8 jours avant le d\u00e9part.<\/p>\n            <\/dd>\n          <\/details>\n              <\/dl>\n    <\/section>\n    \n","protected":false},"excerpt":{"rendered":"<p>\u00ab A\u00e9roports sans carburant \u00bb, \u00ab \u00c9t\u00e9 clou\u00e9 au sol \u00bb, \u00ab Chaos a\u00e9rien en Europe \u00bb. Si vous avez lu ces titres ces derni\u00e8res semaines, vous vous posez probablement les m\u00eames questions : vaut-il encore la peine de r\u00e9server un vol pour l&rsquo;\u00e9t\u00e9 ? Mieux vaut attendre ? Il y a pourtant une \u00e9norme [&hellip;]<\/p>\n","protected":false},"author":3,"featured_media":3933,"comment_status":"closed","ping_status":"open","sticky":false,"template":"","format":"standard","meta":{"_acf_changed":false,"footnotes":""},"categories":[42],"mete":[],"class_list":["post-4043","post","type-post","status-publish","format-standard","has-post-thumbnail","hentry","category-conseils-de-voyage"],"acf":[],"yoast_head":"<!-- This site is optimized with the Yoast SEO plugin v26.8 - https:\/\/yoast.com\/product\/yoast-seo-wordpress\/ -->\n<title>Peut-on r\u00e9server un vol sans s&#039;inqui\u00e9ter ? On fait le point | WeRoad<\/title>\n<meta name=\"description\" content=\"Peut-on r\u00e9server un vol sans s&#039;inqui\u00e9ter ? On fait le point: D\u00e9couvrez tous les conseils de WeRoad et trouvez votre prochain voyage.\" \/>\n<meta name=\"robots\" content=\"index, follow, max-snippet:-1, max-image-preview:large, max-video-preview:-1\" \/>\n<link rel=\"canonical\" href=\"https:\/\/www.weroad.fr\/blog\/peut-on-reserver-un-vol-sans-sinquieter-on-fait-le-point\" \/>\n<meta property=\"og:locale\" content=\"fr_FR\" \/>\n<meta property=\"og:type\" content=\"article\" \/>\n<meta property=\"og:title\" content=\"Peut-on r\u00e9server un vol sans s&#039;inqui\u00e9ter ? On fait le point | WeRoad\" \/>\n<meta property=\"og:description\" content=\"Peut-on r\u00e9server un vol sans s&#039;inqui\u00e9ter ? On fait le point: D\u00e9couvrez tous les conseils de WeRoad et trouvez votre prochain voyage.\" \/>\n<meta property=\"og:url\" content=\"https:\/\/www.weroad.fr\/blog\/peut-on-reserver-un-vol-sans-sinquieter-on-fait-le-point\" \/>\n<meta property=\"og:site_name\" content=\"Stories\" \/>\n<meta property=\"article:publisher\" content=\"https:\/\/www.facebook.com\/weroadFR\/\" \/>\n<meta property=\"article:published_time\" content=\"2026-04-16T14:06:13+00:00\" \/>\n<meta property=\"og:image\" content=\"https:\/\/www.weroad.fr\/blog\/wp-content\/uploads\/2026\/03\/WeRoad-travelers-Brazil.jpeg\" \/>\n\t<meta property=\"og:image:width\" content=\"1024\" \/>\n\t<meta property=\"og:image:height\" content=\"768\" \/>\n\t<meta property=\"og:image:type\" content=\"image\/jpeg\" \/>\n<meta name=\"author\" content=\"WeRoad Team\" \/>\n<meta name=\"twitter:card\" content=\"summary_large_image\" \/>\n<meta name=\"twitter:label1\" content=\"\u00c9crit par\" \/>\n\t<meta name=\"twitter:data1\" content=\"WeRoad Team\" \/>\n\t<meta name=\"twitter:label2\" content=\"Dur\u00e9e de lecture estim\u00e9e\" \/>\n\t<meta name=\"twitter:data2\" content=\"4 minutes\" \/>\n<script type=\"application\/ld+json\" class=\"yoast-schema-graph\">{\"@context\":\"https:\/\/schema.org\",\"@graph\":[{\"@type\":\"Article\",\"@id\":\"https:\/\/www.weroad.fr\/blog\/peut-on-reserver-un-vol-sans-sinquieter-on-fait-le-point#article\",\"isPartOf\":{\"@id\":\"https:\/\/www.weroad.fr\/blog\/peut-on-reserver-un-vol-sans-sinquieter-on-fait-le-point\"},\"author\":{\"name\":\"WeRoad Team\",\"@id\":\"https:\/\/www.weroad.fr\/blog\/#\/schema\/person\/5c84ec0c27a1fcf29bd4817a3275daa1\"},\"headline\":\"Peut-on r\u00e9server un vol sans s&rsquo;inqui\u00e9ter ? On fait le point\",\"datePublished\":\"2026-04-16T14:06:13+00:00\",\"mainEntityOfPage\":{\"@id\":\"https:\/\/www.weroad.fr\/blog\/peut-on-reserver-un-vol-sans-sinquieter-on-fait-le-point\"},\"wordCount\":791,\"image\":{\"@id\":\"https:\/\/www.weroad.fr\/blog\/peut-on-reserver-un-vol-sans-sinquieter-on-fait-le-point#primaryimage\"},\"thumbnailUrl\":\"https:\/\/www.weroad.fr\/blog\/wp-content\/uploads\/2026\/03\/WeRoad-travelers-Brazil.jpeg\",\"articleSection\":[\"Conseils de voyage\"],\"inLanguage\":\"fr-FR\"},{\"@type\":\"WebPage\",\"@id\":\"https:\/\/www.weroad.fr\/blog\/peut-on-reserver-un-vol-sans-sinquieter-on-fait-le-point\",\"url\":\"https:\/\/www.weroad.fr\/blog\/peut-on-reserver-un-vol-sans-sinquieter-on-fait-le-point\",\"name\":\"Peut-on r\u00e9server un vol sans s'inqui\u00e9ter ? On fait le point | WeRoad\",\"isPartOf\":{\"@id\":\"https:\/\/www.weroad.fr\/blog\/#website\"},\"primaryImageOfPage\":{\"@id\":\"https:\/\/www.weroad.fr\/blog\/peut-on-reserver-un-vol-sans-sinquieter-on-fait-le-point#primaryimage\"},\"image\":{\"@id\":\"https:\/\/www.weroad.fr\/blog\/peut-on-reserver-un-vol-sans-sinquieter-on-fait-le-point#primaryimage\"},\"thumbnailUrl\":\"https:\/\/www.weroad.fr\/blog\/wp-content\/uploads\/2026\/03\/WeRoad-travelers-Brazil.jpeg\",\"datePublished\":\"2026-04-16T14:06:13+00:00\",\"author\":{\"@id\":\"https:\/\/www.weroad.fr\/blog\/#\/schema\/person\/5c84ec0c27a1fcf29bd4817a3275daa1\"},\"description\":\"Peut-on r\u00e9server un vol sans s'inqui\u00e9ter ? On fait le point: D\u00e9couvrez tous les conseils de WeRoad et trouvez votre prochain voyage.\",\"breadcrumb\":{\"@id\":\"https:\/\/www.weroad.fr\/blog\/peut-on-reserver-un-vol-sans-sinquieter-on-fait-le-point#breadcrumb\"},\"inLanguage\":\"fr-FR\",\"potentialAction\":[{\"@type\":\"ReadAction\",\"target\":[\"https:\/\/www.weroad.fr\/blog\/peut-on-reserver-un-vol-sans-sinquieter-on-fait-le-point\"]}]},{\"@type\":\"ImageObject\",\"inLanguage\":\"fr-FR\",\"@id\":\"https:\/\/www.weroad.fr\/blog\/peut-on-reserver-un-vol-sans-sinquieter-on-fait-le-point#primaryimage\",\"url\":\"https:\/\/www.weroad.fr\/blog\/wp-content\/uploads\/2026\/03\/WeRoad-travelers-Brazil.jpeg\",\"contentUrl\":\"https:\/\/www.weroad.fr\/blog\/wp-content\/uploads\/2026\/03\/WeRoad-travelers-Brazil.jpeg\",\"width\":1024,\"height\":768,\"caption\":\"Un groupe de voyageurs WeRoad heureux prenant un selfie sur une plage br\u00e9silienne au coucher du soleil.\"},{\"@type\":\"BreadcrumbList\",\"@id\":\"https:\/\/www.weroad.fr\/blog\/peut-on-reserver-un-vol-sans-sinquieter-on-fait-le-point#breadcrumb\",\"itemListElement\":[{\"@type\":\"ListItem\",\"position\":1,\"name\":\"Accueil\",\"item\":\"https:\/\/www.weroad.fr\/blog\/\"},{\"@type\":\"ListItem\",\"position\":2,\"name\":\"Peut-on r\u00e9server un vol sans s&rsquo;inqui\u00e9ter ? On fait le point\"}]},{\"@type\":\"WebSite\",\"@id\":\"https:\/\/www.weroad.fr\/blog\/#website\",\"url\":\"https:\/\/www.weroad.fr\/blog\/\",\"name\":\"Stories\",\"description\":\"A blog by WeRoad\",\"potentialAction\":[{\"@type\":\"SearchAction\",\"target\":{\"@type\":\"EntryPoint\",\"urlTemplate\":\"https:\/\/www.weroad.fr\/blog\/?s={search_term_string}\"},\"query-input\":{\"@type\":\"PropertyValueSpecification\",\"valueRequired\":true,\"valueName\":\"search_term_string\"}}],\"inLanguage\":\"fr-FR\"},{\"@type\":\"Person\",\"@id\":\"https:\/\/www.weroad.fr\/blog\/#\/schema\/person\/5c84ec0c27a1fcf29bd4817a3275daa1\",\"name\":\"WeRoad Team\",\"image\":{\"@type\":\"ImageObject\",\"inLanguage\":\"fr-FR\",\"@id\":\"https:\/\/www.weroad.fr\/blog\/#\/schema\/person\/image\/\",\"url\":\"https:\/\/secure.gravatar.com\/avatar\/29551bd254dd2356c2ccb2eb558e1779?s=96&d=mm&r=g\",\"contentUrl\":\"https:\/\/secure.gravatar.com\/avatar\/29551bd254dd2356c2ccb2eb558e1779?s=96&d=mm&r=g\",\"caption\":\"WeRoad Team\"}}]}<\/script>\n<!-- \/ Yoast SEO plugin. -->","yoast_head_json":{"title":"Peut-on r\u00e9server un vol sans s'inqui\u00e9ter ? On fait le point | WeRoad","description":"Peut-on r\u00e9server un vol sans s'inqui\u00e9ter ? On fait le point: D\u00e9couvrez tous les conseils de WeRoad et trouvez votre prochain voyage.","robots":{"index":"index","follow":"follow","max-snippet":"max-snippet:-1","max-image-preview":"max-image-preview:large","max-video-preview":"max-video-preview:-1"},"canonical":"https:\/\/www.weroad.fr\/blog\/peut-on-reserver-un-vol-sans-sinquieter-on-fait-le-point","og_locale":"fr_FR","og_type":"article","og_title":"Peut-on r\u00e9server un vol sans s'inqui\u00e9ter ? On fait le point | WeRoad","og_description":"Peut-on r\u00e9server un vol sans s'inqui\u00e9ter ? On fait le point: D\u00e9couvrez tous les conseils de WeRoad et trouvez votre prochain voyage.","og_url":"https:\/\/www.weroad.fr\/blog\/peut-on-reserver-un-vol-sans-sinquieter-on-fait-le-point","og_site_name":"Stories","article_publisher":"https:\/\/www.facebook.com\/weroadFR\/","article_published_time":"2026-04-16T14:06:13+00:00","og_image":[{"width":1024,"height":768,"url":"https:\/\/www.weroad.fr\/blog\/wp-content\/uploads\/2026\/03\/WeRoad-travelers-Brazil.jpeg","type":"image\/jpeg"}],"author":"WeRoad Team","twitter_card":"summary_large_image","twitter_misc":{"\u00c9crit par":"WeRoad Team","Dur\u00e9e de lecture estim\u00e9e":"4 minutes"},"schema":{"@context":"https:\/\/schema.org","@graph":[{"@type":"Article","@id":"https:\/\/www.weroad.fr\/blog\/peut-on-reserver-un-vol-sans-sinquieter-on-fait-le-point#article","isPartOf":{"@id":"https:\/\/www.weroad.fr\/blog\/peut-on-reserver-un-vol-sans-sinquieter-on-fait-le-point"},"author":{"name":"WeRoad Team","@id":"https:\/\/www.weroad.fr\/blog\/#\/schema\/person\/5c84ec0c27a1fcf29bd4817a3275daa1"},"headline":"Peut-on r\u00e9server un vol sans s&rsquo;inqui\u00e9ter ? On fait le point","datePublished":"2026-04-16T14:06:13+00:00","mainEntityOfPage":{"@id":"https:\/\/www.weroad.fr\/blog\/peut-on-reserver-un-vol-sans-sinquieter-on-fait-le-point"},"wordCount":791,"image":{"@id":"https:\/\/www.weroad.fr\/blog\/peut-on-reserver-un-vol-sans-sinquieter-on-fait-le-point#primaryimage"},"thumbnailUrl":"https:\/\/www.weroad.fr\/blog\/wp-content\/uploads\/2026\/03\/WeRoad-travelers-Brazil.jpeg","articleSection":["Conseils de voyage"],"inLanguage":"fr-FR"},{"@type":"WebPage","@id":"https:\/\/www.weroad.fr\/blog\/peut-on-reserver-un-vol-sans-sinquieter-on-fait-le-point","url":"https:\/\/www.weroad.fr\/blog\/peut-on-reserver-un-vol-sans-sinquieter-on-fait-le-point","name":"Peut-on r\u00e9server un vol sans s'inqui\u00e9ter ? On fait le point | WeRoad","isPartOf":{"@id":"https:\/\/www.weroad.fr\/blog\/#website"},"primaryImageOfPage":{"@id":"https:\/\/www.weroad.fr\/blog\/peut-on-reserver-un-vol-sans-sinquieter-on-fait-le-point#primaryimage"},"image":{"@id":"https:\/\/www.weroad.fr\/blog\/peut-on-reserver-un-vol-sans-sinquieter-on-fait-le-point#primaryimage"},"thumbnailUrl":"https:\/\/www.weroad.fr\/blog\/wp-content\/uploads\/2026\/03\/WeRoad-travelers-Brazil.jpeg","datePublished":"2026-04-16T14:06:13+00:00","author":{"@id":"https:\/\/www.weroad.fr\/blog\/#\/schema\/person\/5c84ec0c27a1fcf29bd4817a3275daa1"},"description":"Peut-on r\u00e9server un vol sans s'inqui\u00e9ter ? On fait le point: D\u00e9couvrez tous les conseils de WeRoad et trouvez votre prochain voyage.","breadcrumb":{"@id":"https:\/\/www.weroad.fr\/blog\/peut-on-reserver-un-vol-sans-sinquieter-on-fait-le-point#breadcrumb"},"inLanguage":"fr-FR","potentialAction":[{"@type":"ReadAction","target":["https:\/\/www.weroad.fr\/blog\/peut-on-reserver-un-vol-sans-sinquieter-on-fait-le-point"]}]},{"@type":"ImageObject","inLanguage":"fr-FR","@id":"https:\/\/www.weroad.fr\/blog\/peut-on-reserver-un-vol-sans-sinquieter-on-fait-le-point#primaryimage","url":"https:\/\/www.weroad.fr\/blog\/wp-content\/uploads\/2026\/03\/WeRoad-travelers-Brazil.jpeg","contentUrl":"https:\/\/www.weroad.fr\/blog\/wp-content\/uploads\/2026\/03\/WeRoad-travelers-Brazil.jpeg","width":1024,"height":768,"caption":"Un groupe de voyageurs WeRoad heureux prenant un selfie sur une plage br\u00e9silienne au coucher du soleil."},{"@type":"BreadcrumbList","@id":"https:\/\/www.weroad.fr\/blog\/peut-on-reserver-un-vol-sans-sinquieter-on-fait-le-point#breadcrumb","itemListElement":[{"@type":"ListItem","position":1,"name":"Accueil","item":"https:\/\/www.weroad.fr\/blog\/"},{"@type":"ListItem","position":2,"name":"Peut-on r\u00e9server un vol sans s&rsquo;inqui\u00e9ter ? On fait le point"}]},{"@type":"WebSite","@id":"https:\/\/www.weroad.fr\/blog\/#website","url":"https:\/\/www.weroad.fr\/blog\/","name":"Stories","description":"A blog by WeRoad","potentialAction":[{"@type":"SearchAction","target":{"@type":"EntryPoint","urlTemplate":"https:\/\/www.weroad.fr\/blog\/?s={search_term_string}"},"query-input":{"@type":"PropertyValueSpecification","valueRequired":true,"valueName":"search_term_string"}}],"inLanguage":"fr-FR"},{"@type":"Person","@id":"https:\/\/www.weroad.fr\/blog\/#\/schema\/person\/5c84ec0c27a1fcf29bd4817a3275daa1","name":"WeRoad Team","image":{"@type":"ImageObject","inLanguage":"fr-FR","@id":"https:\/\/www.weroad.fr\/blog\/#\/schema\/person\/image\/","url":"https:\/\/secure.gravatar.com\/avatar\/29551bd254dd2356c2ccb2eb558e1779?s=96&d=mm&r=g","contentUrl":"https:\/\/secure.gravatar.com\/avatar\/29551bd254dd2356c2ccb2eb558e1779?s=96&d=mm&r=g","caption":"WeRoad Team"}}]}},"_links":{"self":[{"href":"https:\/\/www.weroad.fr\/blog\/wp-json\/wp\/v2\/posts\/4043","targetHints":{"allow":["GET"]}}],"collection":[{"href":"https:\/\/www.weroad.fr\/blog\/wp-json\/wp\/v2\/posts"}],"about":[{"href":"https:\/\/www.weroad.fr\/blog\/wp-json\/wp\/v2\/types\/post"}],"author":[{"embeddable":true,"href":"https:\/\/www.weroad.fr\/blog\/wp-json\/wp\/v2\/users\/3"}],"replies":[{"embeddable":true,"href":"https:\/\/www.weroad.fr\/blog\/wp-json\/wp\/v2\/comments?post=4043"}],"version-history":[{"count":7,"href":"https:\/\/www.weroad.fr\/blog\/wp-json\/wp\/v2\/posts\/4043\/revisions"}],"predecessor-version":[{"id":4050,"href":"https:\/\/www.weroad.fr\/blog\/wp-json\/wp\/v2\/posts\/4043\/revisions\/4050"}],"wp:featuredmedia":[{"embeddable":true,"href":"https:\/\/www.weroad.fr\/blog\/wp-json\/wp\/v2\/media\/3933"}],"wp:attachment":[{"href":"https:\/\/www.weroad.fr\/blog\/wp-json\/wp\/v2\/media?parent=4043"}],"wp:term":[{"taxonomy":"category","embeddable":true,"href":"https:\/\/www.weroad.fr\/blog\/wp-json\/wp\/v2\/categories?post=4043"},{"taxonomy":"mete","embeddable":true,"href":"https:\/\/www.weroad.fr\/blog\/wp-json\/wp\/v2\/mete?post=4043"}],"curies":[{"name":"wp","href":"https:\/\/api.w.org\/{rel}","templated":true}]}}